{"id":580,"date":"2019-04-20T13:44:17","date_gmt":"2019-04-20T13:44:17","guid":{"rendered":"http:\/\/brhrd.be\/?p=580"},"modified":"2025-10-18T10:13:35","modified_gmt":"2025-10-18T10:13:35","slug":"diplome-de-comprehension-de-personnalites","status":"publish","type":"post","link":"https:\/\/www.brhrd.be\/?p=580","title":{"rendered":"Dipl\u00f4me de compr\u00e9hension de personnalit\u00e9s"},"content":{"rendered":"\n<p><\/p>\n\n\n\n<p>L\u2019organisation bruxelloise pour les droits de l\u2019homme et le d\u00e9veloppement r\u00e9ussit \u00e0 organiser un cours de formation intitul\u00e9 comprendre les personnalit\u00e9s, pendant deux jours cons\u00e9cutifs au si\u00e8ge de l\u2019organisation bruxelloise pour les droits de l\u2019homme et le d\u00e9veloppement,  \u00e0 Bruxelles la capitale belge.<\/p>\n\n\n\n<figure class=\"wp-block-image\"><img loading=\"lazy\" decoding=\"async\" width=\"837\" height=\"308\" src=\"http:\/\/brhrd.be\/wp-content\/uploads\/2019\/04\/Picture1.png\" alt=\"\" class=\"wp-image-570\" srcset=\"https:\/\/www.brhrd.be\/wp-content\/uploads\/2019\/04\/Picture1.png 837w, https:\/\/www.brhrd.be\/wp-content\/uploads\/2019\/04\/Picture1-800x294.png 800w, https:\/\/www.brhrd.be\/wp-content\/uploads\/2019\/04\/Picture1-768x283.png 768w\" sizes=\"auto, (max-width: 837px) 100vw, 837px\" \/><\/figure>\n\n\n\n<p>Le samedi 13 avril 2019, les participants au cours de formation intitul\u00e9 comprendre les personnalit\u00e9s, qui ont pris fin le dimanche 14 avril 2019, ont \u00e9t\u00e9 accueillis \u00e0 la salle de formation au si\u00e8ge de l\u2019organisation bruxelloise pour les droits de l\u2019homme et le d\u00e9veloppement.<\/p>\n\n\n\n<figure class=\"wp-block-image\"><img loading=\"lazy\" decoding=\"async\" width=\"802\" height=\"309\" src=\"http:\/\/brhrd.be\/wp-content\/uploads\/2019\/04\/Picture2.png\" alt=\"\" class=\"wp-image-571\" srcset=\"https:\/\/www.brhrd.be\/wp-content\/uploads\/2019\/04\/Picture2.png 802w, https:\/\/www.brhrd.be\/wp-content\/uploads\/2019\/04\/Picture2-800x308.png 800w, https:\/\/www.brhrd.be\/wp-content\/uploads\/2019\/04\/Picture2-768x296.png 768w\" sizes=\"auto, (max-width: 802px) 100vw, 802px\" \/><\/figure>\n\n\n\n<p>Outre des participants belges, plus de 30 stagiaires de plusieurs pays du continent africain &#8211; Afrique du Nord &#8211; ont particip\u00e9 au programme de formation par vid\u00e9oconf\u00e9rence et retransmissions en direct, l&#8217;Organisation de Bruxelles pour les droits de l&#8217;homme et le d\u00e9veloppement souhaitant sensibiliser d\u00e9velopper la population de l&#8217;Afrique du Nord et du Moyen-Orient.<\/p>\n\n\n\n<figure class=\"wp-block-image\"><img loading=\"lazy\" decoding=\"async\" width=\"625\" height=\"172\" src=\"http:\/\/brhrd.be\/wp-content\/uploads\/2019\/04\/Picture3.png\" alt=\"\" class=\"wp-image-572\"\/><\/figure>\n\n\n\n<p>C\u2019est ce que le programme de formation \u00e9tait cens\u00e9 faire, de travailler sur la connaissance humaine du style et de la nature de sa personnalit\u00e9, et les autres personnalit\u00e9s qui l\u2019entourent et qui vivent avec, et de travailler \u00e0 ce que le citoyen africain en particulier contribue \u00e0 la construction d\u2019une personnalit\u00e9 humaine r\u00e9ussie et influente dans le r\u00e9tablissement de la paix, la renonciation \u00e0 la violence, l\u2019extr\u00e9misme et l\u2019isolement social, selon les th\u00e9ories scientifiques.<\/p>\n\n\n\n<p>Lors des discussions avec les stagiaires dans la salle de formation ou par vid\u00e9oconf\u00e9rence, nous avons observ\u00e9 une interaction positive avec le th\u00e8me du cours en forme de questions et r\u00e9ponses &#8211; sur l\u2019importance de la compr\u00e9hension des personnalit\u00e9s humaines dans la vie familiale et sociale. Cela contribue \u00e0 \u00e9liminer ou \u00e0 r\u00e9duire les diff\u00e9rences humanitaires.<\/p>\n\n\n\n<figure class=\"wp-block-image\"><img loading=\"lazy\" decoding=\"async\" width=\"865\" height=\"273\" src=\"http:\/\/brhrd.be\/wp-content\/uploads\/2019\/04\/Picture5.png\" alt=\"\" class=\"wp-image-574\" srcset=\"https:\/\/www.brhrd.be\/wp-content\/uploads\/2019\/04\/Picture5.png 865w, https:\/\/www.brhrd.be\/wp-content\/uploads\/2019\/04\/Picture5-800x252.png 800w, https:\/\/www.brhrd.be\/wp-content\/uploads\/2019\/04\/Picture5-768x242.png 768w\" sizes=\"auto, (max-width: 865px) 100vw, 865px\" \/><\/figure>\n\n\n\n<p>Le cours a contribu\u00e9 \u00e0 l\u2019identification des mod\u00e8les personnels, l\u2019analyse des personnalit\u00e9s, comment cr\u00e9er un \u00e9tat d\u2019harmonie soci\u00e9tale, et la capacit\u00e9 de la personne \u00e0 \u00e9valuer les actions des autres et comment les traiter.<\/p>\n\n\n\n<p>Les stagiaires ont re\u00e7u un certificat international europ\u00e9en accr\u00e9dit\u00e9 de l\u2019organisation.<\/p>\n\n\n\n<p>L\u2019organisation bruxelloise pour les droits de l\u2019homme et le d\u00e9veloppement remercie tous les participants et stagiaires dans ce programme de formation, et nous promettons de continuer \u00e0 fournir plus de programmes de formation et diverses activit\u00e9s pour plus d\u2019avancement et de progr\u00e8s.<\/p>\n","protected":false},"excerpt":{"rendered":"<p>L\u2019organisation bruxelloise pour les droits de l\u2019homme et le d\u00e9veloppement r\u00e9ussit \u00e0 organiser un cours de formation intitul\u00e9 comprendre les personnalit\u00e9s, pendant deux jours cons\u00e9cutifs au si\u00e8ge de l\u2019organisation bruxelloise pour les droits de l\u2019homme et le d\u00e9veloppement, \u00e0 Bruxelles la capitale belge. Le samedi 13 avril 2019, les participants au cours de formation intitul\u00e9 [&hellip;]\n","protected":false},"author":5,"featured_media":574,"comment_status":"closed","ping_status":"closed","sticky":false,"template":"","format":"standard","meta":{"footnotes":""},"categories":[69,68,1],"tags":[],"class_list":["post-580","post","type-post","status-publish","format-standard","has-post-thumbnail","hentry","category-reports","category-topics","category-training"],"yoast_head":"<!-- This site is optimized with the Yoast SEO plugin v27.5 - https:\/\/yoast.com\/product\/yoast-seo-wordpress\/ -->\n<title>Dipl\u00f4me de compr\u00e9hension de personnalit\u00e9s - Brussels for Human Rights and development<\/title>\n<meta name=\"robots\" content=\"index, follow, max-snippet:-1, max-image-preview:large, max-video-preview:-1\" \/>\n<link rel=\"canonical\" href=\"https:\/\/www.brhrd.be\/?p=580\" \/>\n<meta property=\"og:locale\" content=\"en_US\" \/>\n<meta property=\"og:type\" content=\"article\" \/>\n<meta property=\"og:title\" content=\"Dipl\u00f4me de compr\u00e9hension de personnalit\u00e9s - Brussels for Human Rights and development\" \/>\n<meta property=\"og:description\" content=\"L\u2019organisation bruxelloise pour les droits de l\u2019homme et le d\u00e9veloppement r\u00e9ussit \u00e0 organiser un cours de formation intitul\u00e9 comprendre les personnalit\u00e9s, pendant deux jours cons\u00e9cutifs au si\u00e8ge de l\u2019organisation bruxelloise pour les droits de l\u2019homme et le d\u00e9veloppement, \u00e0 Bruxelles la capitale belge. Le samedi 13 avril 2019, les participants au cours de formation intitul\u00e9 [&hellip;]\" \/>\n<meta property=\"og:url\" content=\"https:\/\/www.brhrd.be\/?p=580\" \/>\n<meta property=\"og:site_name\" content=\"Brussels for Human Rights and development\" \/>\n<meta property=\"article:published_time\" content=\"2019-04-20T13:44:17+00:00\" \/>\n<meta property=\"article:modified_time\" content=\"2025-10-18T10:13:35+00:00\" \/>\n<meta property=\"og:image\" content=\"https:\/\/www.brhrd.be\/wp-content\/uploads\/2019\/04\/Picture5.png\" \/>\n\t<meta property=\"og:image:width\" content=\"865\" \/>\n\t<meta property=\"og:image:height\" content=\"273\" \/>\n\t<meta property=\"og:image:type\" content=\"image\/png\" \/>\n<meta name=\"author\" content=\"admin\" \/>\n<meta name=\"twitter:card\" content=\"summary_large_image\" \/>\n<meta name=\"twitter:label1\" content=\"Written by\" \/>\n\t<meta name=\"twitter:data1\" content=\"admin\" \/>\n\t<meta name=\"twitter:label2\" content=\"Est. reading time\" \/>\n\t<meta name=\"twitter:data2\" content=\"2 minutes\" \/>\n<script type=\"application\/ld+json\" class=\"yoast-schema-graph\">{\"@context\":\"https:\\\/\\\/schema.org\",\"@graph\":[{\"@type\":\"Article\",\"@id\":\"https:\\\/\\\/www.brhrd.be\\\/?p=580#article\",\"isPartOf\":{\"@id\":\"https:\\\/\\\/www.brhrd.be\\\/?p=580\"},\"author\":{\"name\":\"admin\",\"@id\":\"https:\\\/\\\/www.brhrd.be\\\/#\\\/schema\\\/person\\\/a97d4016578e5091b277f9387be3f360\"},\"headline\":\"Dipl\u00f4me de compr\u00e9hension de personnalit\u00e9s\",\"datePublished\":\"2019-04-20T13:44:17+00:00\",\"dateModified\":\"2025-10-18T10:13:35+00:00\",\"mainEntityOfPage\":{\"@id\":\"https:\\\/\\\/www.brhrd.be\\\/?p=580\"},\"wordCount\":410,\"image\":{\"@id\":\"https:\\\/\\\/www.brhrd.be\\\/?p=580#primaryimage\"},\"thumbnailUrl\":\"https:\\\/\\\/www.brhrd.be\\\/wp-content\\\/uploads\\\/2019\\\/04\\\/Picture5.png\",\"articleSection\":[\"Reports\",\"Topics\",\"Training\"],\"inLanguage\":\"en-US\"},{\"@type\":\"WebPage\",\"@id\":\"https:\\\/\\\/www.brhrd.be\\\/?p=580\",\"url\":\"https:\\\/\\\/www.brhrd.be\\\/?p=580\",\"name\":\"Dipl\u00f4me de compr\u00e9hension de personnalit\u00e9s - Brussels for Human Rights and development\",\"isPartOf\":{\"@id\":\"https:\\\/\\\/www.brhrd.be\\\/#website\"},\"primaryImageOfPage\":{\"@id\":\"https:\\\/\\\/www.brhrd.be\\\/?p=580#primaryimage\"},\"image\":{\"@id\":\"https:\\\/\\\/www.brhrd.be\\\/?p=580#primaryimage\"},\"thumbnailUrl\":\"https:\\\/\\\/www.brhrd.be\\\/wp-content\\\/uploads\\\/2019\\\/04\\\/Picture5.png\",\"datePublished\":\"2019-04-20T13:44:17+00:00\",\"dateModified\":\"2025-10-18T10:13:35+00:00\",\"author\":{\"@id\":\"https:\\\/\\\/www.brhrd.be\\\/#\\\/schema\\\/person\\\/a97d4016578e5091b277f9387be3f360\"},\"breadcrumb\":{\"@id\":\"https:\\\/\\\/www.brhrd.be\\\/?p=580#breadcrumb\"},\"inLanguage\":\"en-US\",\"potentialAction\":[{\"@type\":\"ReadAction\",\"target\":[\"https:\\\/\\\/www.brhrd.be\\\/?p=580\"]}]},{\"@type\":\"ImageObject\",\"inLanguage\":\"en-US\",\"@id\":\"https:\\\/\\\/www.brhrd.be\\\/?p=580#primaryimage\",\"url\":\"https:\\\/\\\/www.brhrd.be\\\/wp-content\\\/uploads\\\/2019\\\/04\\\/Picture5.png\",\"contentUrl\":\"https:\\\/\\\/www.brhrd.be\\\/wp-content\\\/uploads\\\/2019\\\/04\\\/Picture5.png\",\"width\":865,\"height\":273},{\"@type\":\"BreadcrumbList\",\"@id\":\"https:\\\/\\\/www.brhrd.be\\\/?p=580#breadcrumb\",\"itemListElement\":[{\"@type\":\"ListItem\",\"position\":1,\"name\":\"Home\",\"item\":\"https:\\\/\\\/www.brhrd.be\\\/\"},{\"@type\":\"ListItem\",\"position\":2,\"name\":\"Dipl\u00f4me de compr\u00e9hension de personnalit\u00e9s\"}]},{\"@type\":\"WebSite\",\"@id\":\"https:\\\/\\\/www.brhrd.be\\\/#website\",\"url\":\"https:\\\/\\\/www.brhrd.be\\\/\",\"name\":\"Brussels for Human Rights and development\",\"description\":\"Human Rights &amp; development\",\"potentialAction\":[{\"@type\":\"SearchAction\",\"target\":{\"@type\":\"EntryPoint\",\"urlTemplate\":\"https:\\\/\\\/www.brhrd.be\\\/?s={search_term_string}\"},\"query-input\":{\"@type\":\"PropertyValueSpecification\",\"valueRequired\":true,\"valueName\":\"search_term_string\"}}],\"inLanguage\":\"en-US\"},{\"@type\":\"Person\",\"@id\":\"https:\\\/\\\/www.brhrd.be\\\/#\\\/schema\\\/person\\\/a97d4016578e5091b277f9387be3f360\",\"name\":\"admin\",\"url\":\"https:\\\/\\\/www.brhrd.be\\\/?author=5\"}]}<\/script>\n<!-- \/ Yoast SEO plugin. -->","yoast_head_json":{"title":"Dipl\u00f4me de compr\u00e9hension de personnalit\u00e9s - Brussels for Human Rights and development","robots":{"index":"index","follow":"follow","max-snippet":"max-snippet:-1","max-image-preview":"max-image-preview:large","max-video-preview":"max-video-preview:-1"},"canonical":"https:\/\/www.brhrd.be\/?p=580","og_locale":"en_US","og_type":"article","og_title":"Dipl\u00f4me de compr\u00e9hension de personnalit\u00e9s - Brussels for Human Rights and development","og_description":"L\u2019organisation bruxelloise pour les droits de l\u2019homme et le d\u00e9veloppement r\u00e9ussit \u00e0 organiser un cours de formation intitul\u00e9 comprendre les personnalit\u00e9s, pendant deux jours cons\u00e9cutifs au si\u00e8ge de l\u2019organisation bruxelloise pour les droits de l\u2019homme et le d\u00e9veloppement, \u00e0 Bruxelles la capitale belge. Le samedi 13 avril 2019, les participants au cours de formation intitul\u00e9 [&hellip;]","og_url":"https:\/\/www.brhrd.be\/?p=580","og_site_name":"Brussels for Human Rights and development","article_published_time":"2019-04-20T13:44:17+00:00","article_modified_time":"2025-10-18T10:13:35+00:00","og_image":[{"width":865,"height":273,"url":"https:\/\/www.brhrd.be\/wp-content\/uploads\/2019\/04\/Picture5.png","type":"image\/png"}],"author":"admin","twitter_card":"summary_large_image","twitter_misc":{"Written by":"admin","Est. reading time":"2 minutes"},"schema":{"@context":"https:\/\/schema.org","@graph":[{"@type":"Article","@id":"https:\/\/www.brhrd.be\/?p=580#article","isPartOf":{"@id":"https:\/\/www.brhrd.be\/?p=580"},"author":{"name":"admin","@id":"https:\/\/www.brhrd.be\/#\/schema\/person\/a97d4016578e5091b277f9387be3f360"},"headline":"Dipl\u00f4me de compr\u00e9hension de personnalit\u00e9s","datePublished":"2019-04-20T13:44:17+00:00","dateModified":"2025-10-18T10:13:35+00:00","mainEntityOfPage":{"@id":"https:\/\/www.brhrd.be\/?p=580"},"wordCount":410,"image":{"@id":"https:\/\/www.brhrd.be\/?p=580#primaryimage"},"thumbnailUrl":"https:\/\/www.brhrd.be\/wp-content\/uploads\/2019\/04\/Picture5.png","articleSection":["Reports","Topics","Training"],"inLanguage":"en-US"},{"@type":"WebPage","@id":"https:\/\/www.brhrd.be\/?p=580","url":"https:\/\/www.brhrd.be\/?p=580","name":"Dipl\u00f4me de compr\u00e9hension de personnalit\u00e9s - Brussels for Human Rights and development","isPartOf":{"@id":"https:\/\/www.brhrd.be\/#website"},"primaryImageOfPage":{"@id":"https:\/\/www.brhrd.be\/?p=580#primaryimage"},"image":{"@id":"https:\/\/www.brhrd.be\/?p=580#primaryimage"},"thumbnailUrl":"https:\/\/www.brhrd.be\/wp-content\/uploads\/2019\/04\/Picture5.png","datePublished":"2019-04-20T13:44:17+00:00","dateModified":"2025-10-18T10:13:35+00:00","author":{"@id":"https:\/\/www.brhrd.be\/#\/schema\/person\/a97d4016578e5091b277f9387be3f360"},"breadcrumb":{"@id":"https:\/\/www.brhrd.be\/?p=580#breadcrumb"},"inLanguage":"en-US","potentialAction":[{"@type":"ReadAction","target":["https:\/\/www.brhrd.be\/?p=580"]}]},{"@type":"ImageObject","inLanguage":"en-US","@id":"https:\/\/www.brhrd.be\/?p=580#primaryimage","url":"https:\/\/www.brhrd.be\/wp-content\/uploads\/2019\/04\/Picture5.png","contentUrl":"https:\/\/www.brhrd.be\/wp-content\/uploads\/2019\/04\/Picture5.png","width":865,"height":273},{"@type":"BreadcrumbList","@id":"https:\/\/www.brhrd.be\/?p=580#breadcrumb","itemListElement":[{"@type":"ListItem","position":1,"name":"Home","item":"https:\/\/www.brhrd.be\/"},{"@type":"ListItem","position":2,"name":"Dipl\u00f4me de compr\u00e9hension de personnalit\u00e9s"}]},{"@type":"WebSite","@id":"https:\/\/www.brhrd.be\/#website","url":"https:\/\/www.brhrd.be\/","name":"Brussels for Human Rights and development","description":"Human Rights &amp; development","potentialAction":[{"@type":"SearchAction","target":{"@type":"EntryPoint","urlTemplate":"https:\/\/www.brhrd.be\/?s={search_term_string}"},"query-input":{"@type":"PropertyValueSpecification","valueRequired":true,"valueName":"search_term_string"}}],"inLanguage":"en-US"},{"@type":"Person","@id":"https:\/\/www.brhrd.be\/#\/schema\/person\/a97d4016578e5091b277f9387be3f360","name":"admin","url":"https:\/\/www.brhrd.be\/?author=5"}]}},"_links":{"self":[{"href":"https:\/\/www.brhrd.be\/index.php?rest_route=\/wp\/v2\/posts\/580","targetHints":{"allow":["GET"]}}],"collection":[{"href":"https:\/\/www.brhrd.be\/index.php?rest_route=\/wp\/v2\/posts"}],"about":[{"href":"https:\/\/www.brhrd.be\/index.php?rest_route=\/wp\/v2\/types\/post"}],"author":[{"embeddable":true,"href":"https:\/\/www.brhrd.be\/index.php?rest_route=\/wp\/v2\/users\/5"}],"replies":[{"embeddable":true,"href":"https:\/\/www.brhrd.be\/index.php?rest_route=%2Fwp%2Fv2%2Fcomments&post=580"}],"version-history":[{"count":1,"href":"https:\/\/www.brhrd.be\/index.php?rest_route=\/wp\/v2\/posts\/580\/revisions"}],"predecessor-version":[{"id":581,"href":"https:\/\/www.brhrd.be\/index.php?rest_route=\/wp\/v2\/posts\/580\/revisions\/581"}],"wp:featuredmedia":[{"embeddable":true,"href":"https:\/\/www.brhrd.be\/index.php?rest_route=\/wp\/v2\/media\/574"}],"wp:attachment":[{"href":"https:\/\/www.brhrd.be\/index.php?rest_route=%2Fwp%2Fv2%2Fmedia&parent=580"}],"wp:term":[{"taxonomy":"category","embeddable":true,"href":"https:\/\/www.brhrd.be\/index.php?rest_route=%2Fwp%2Fv2%2Fcategories&post=580"},{"taxonomy":"post_tag","embeddable":true,"href":"https:\/\/www.brhrd.be\/index.php?rest_route=%2Fwp%2Fv2%2Ftags&post=580"}],"curies":[{"name":"wp","href":"https:\/\/api.w.org\/{rel}","templated":true}]}}